{"id":687,"date":"2026-04-18T10:08:42","date_gmt":"2026-04-18T13:08:42","guid":{"rendered":"https:\/\/ifai.org.br\/novo\/?p=687"},"modified":"2026-04-27T10:12:57","modified_gmt":"2026-04-27T13:12:57","slug":"uceff-na-18a-feicap","status":"publish","type":"post","link":"https:\/\/ifai.org.br\/novo\/index.php\/2026\/04\/18\/uceff-na-18a-feicap\/","title":{"rendered":"UCEFF na 18\u00aa FEICAP"},"content":{"rendered":"\n<p>Estamos presentes na Exposi\u00e7\u00e3o Feira de Tr\u00eas Passos\/RS, levando conhecimento, inova\u00e7\u00e3o e oportunidades por meio dos nossos cursos de gradua\u00e7\u00e3o e p\u00f3s-gradua\u00e7\u00e3o.<\/p>\n\n\n\n<p>Al\u00e9m disso, \u00e9 uma alegria especial receber nossos acad\u00eamicos e egressos que passam pelo nosso espa\u00e7o para compartilhar experi\u00eancias e fortalecer essa conex\u00e3o que vai muito al\u00e9m da sala de aula.<\/p>\n\n\n\n<p>Venha nos visitar e conhecer tudo o que a UCEFF pode oferecer para o seu futuro! \ud83d\ude80<\/p>\n\n\n\n<figure class=\"wp-block-video\"><video height=\"1280\" style=\"aspect-ratio: 720 \/ 1280;\" width=\"720\" controls src=\"https:\/\/ifai.org.br\/novo\/wp-content\/uploads\/2026\/04\/UCEFF-na-18a-FEICAP.mp4\"><\/video><\/figure>\n\n\n\n<p><a href=\"https:\/\/www.instagram.com\/explore\/tags\/uceff\/\">#uceff<\/a> <a href=\"https:\/\/www.instagram.com\/explore\/tags\/institutouceff\/\">#institutouceff<\/a> <a href=\"https:\/\/www.instagram.com\/explore\/tags\/uceffnacomunidade\/\">#uceffnacomunidade<\/a> <a href=\"https:\/\/www.instagram.com\/explore\/tags\/uceffitapiranga\/\">#uceffitapiranga<\/a><\/p>\n","protected":false},"excerpt":{"rendered":"<p>Estamos presentes na Exposi\u00e7\u00e3o Feira de Tr\u00eas Passos\/RS, levando conhecimento, inova\u00e7\u00e3o e oportunidades por meio dos nossos cursos de gradua\u00e7\u00e3o e p\u00f3s-gradua\u00e7\u00e3o. Al\u00e9m disso, \u00e9 uma alegria especial receber nossos acad\u00eamicos e egressos que passam pelo nosso espa\u00e7o para compartilhar experi\u00eancias e fortalecer essa conex\u00e3o que vai muito al\u00e9m da sala de aula. Venha nos [&hellip;]<\/p>\n","protected":false},"author":1,"featured_media":689,"comment_status":"closed","ping_status":"closed","sticky":false,"template":"","format":"standard","meta":{"footnotes":""},"categories":[5],"tags":[],"class_list":["post-687","post","type-post","status-publish","format-standard","has-post-thumbnail","hentry","category-ultimas"],"_links":{"self":[{"href":"https:\/\/ifai.org.br\/novo\/index.php\/wp-json\/wp\/v2\/posts\/687","targetHints":{"allow":["GET"]}}],"collection":[{"href":"https:\/\/ifai.org.br\/novo\/index.php\/wp-json\/wp\/v2\/posts"}],"about":[{"href":"https:\/\/ifai.org.br\/novo\/index.php\/wp-json\/wp\/v2\/types\/post"}],"author":[{"embeddable":true,"href":"https:\/\/ifai.org.br\/novo\/index.php\/wp-json\/wp\/v2\/users\/1"}],"replies":[{"embeddable":true,"href":"https:\/\/ifai.org.br\/novo\/index.php\/wp-json\/wp\/v2\/comments?post=687"}],"version-history":[{"count":1,"href":"https:\/\/ifai.org.br\/novo\/index.php\/wp-json\/wp\/v2\/posts\/687\/revisions"}],"predecessor-version":[{"id":690,"href":"https:\/\/ifai.org.br\/novo\/index.php\/wp-json\/wp\/v2\/posts\/687\/revisions\/690"}],"wp:featuredmedia":[{"embeddable":true,"href":"https:\/\/ifai.org.br\/novo\/index.php\/wp-json\/wp\/v2\/media\/689"}],"wp:attachment":[{"href":"https:\/\/ifai.org.br\/novo\/index.php\/wp-json\/wp\/v2\/media?parent=687"}],"wp:term":[{"taxonomy":"category","embeddable":true,"href":"https:\/\/ifai.org.br\/novo\/index.php\/wp-json\/wp\/v2\/categories?post=687"},{"taxonomy":"post_tag","embeddable":true,"href":"https:\/\/ifai.org.br\/novo\/index.php\/wp-json\/wp\/v2\/tags?post=687"}],"curies":[{"name":"wp","href":"https:\/\/api.w.org\/{rel}","templated":true}]}}