{"id":683,"date":"2026-04-25T10:04:58","date_gmt":"2026-04-25T13:04:58","guid":{"rendered":"https:\/\/ifai.org.br\/novo\/?p=683"},"modified":"2026-04-27T10:08:31","modified_gmt":"2026-04-27T13:08:31","slug":"uceff-na-16a-efacitus","status":"publish","type":"post","link":"https:\/\/ifai.org.br\/novo\/index.php\/2026\/04\/25\/uceff-na-16a-efacitus\/","title":{"rendered":"UCEFF na 16\u00aa Efacitus"},"content":{"rendered":"\n<p>Neste final de semana, estamos marcando presen\u00e7a na Exposi\u00e7\u00e3o Feira de Tun\u00e1polis\/SC, levando at\u00e9 voc\u00ea todas as oportunidades que a UCEFF oferece! \ud83c\udf93<\/p>\n\n\n\n<p>Venha conhecer nossos cursos de gradua\u00e7\u00e3o, p\u00f3s-gradua\u00e7\u00e3o e tamb\u00e9m o Col\u00e9gio UCEFF. Nossa equipe est\u00e1 pronta para conversar, esclarecer d\u00favidas sobre bolsas de estudo e op\u00e7\u00f5es de financiamento.<\/p>\n\n\n\n<p>\u2728 Invista no seu futuro.<br>\u2728 Seja protagonista da sua hist\u00f3ria.<\/p>\n\n\n\n<p>UCEFF Educacional \u2014 esperamos por voc\u00ea!<\/p>\n\n\n\n<figure class=\"wp-block-video\"><video height=\"1280\" style=\"aspect-ratio: 720 \/ 1280;\" width=\"720\" controls src=\"https:\/\/ifai.org.br\/novo\/wp-content\/uploads\/2026\/04\/UCEFF-na-16a-Efacitus.mp4\"><\/video><\/figure>\n\n\n\n<p><a href=\"https:\/\/www.instagram.com\/explore\/tags\/uceffnacomunidade\/\">#uceffnacomunidade<\/a><a href=\"https:\/\/www.instagram.com\/explore\/tags\/uceff\/\">#uceff<\/a><a href=\"https:\/\/www.instagram.com\/explore\/tags\/institutouceff\/\">#institutouceff<\/a><\/p>\n","protected":false},"excerpt":{"rendered":"<p>Neste final de semana, estamos marcando presen\u00e7a na Exposi\u00e7\u00e3o Feira de Tun\u00e1polis\/SC, levando at\u00e9 voc\u00ea todas as oportunidades que a UCEFF oferece! \ud83c\udf93 Venha conhecer nossos cursos de gradua\u00e7\u00e3o, p\u00f3s-gradua\u00e7\u00e3o e tamb\u00e9m o Col\u00e9gio UCEFF. Nossa equipe est\u00e1 pronta para conversar, esclarecer d\u00favidas sobre bolsas de estudo e op\u00e7\u00f5es de financiamento. \u2728 Invista no seu [&hellip;]<\/p>\n","protected":false},"author":1,"featured_media":684,"comment_status":"closed","ping_status":"closed","sticky":false,"template":"","format":"standard","meta":{"footnotes":""},"categories":[5],"tags":[],"class_list":["post-683","post","type-post","status-publish","format-standard","has-post-thumbnail","hentry","category-ultimas"],"_links":{"self":[{"href":"https:\/\/ifai.org.br\/novo\/index.php\/wp-json\/wp\/v2\/posts\/683","targetHints":{"allow":["GET"]}}],"collection":[{"href":"https:\/\/ifai.org.br\/novo\/index.php\/wp-json\/wp\/v2\/posts"}],"about":[{"href":"https:\/\/ifai.org.br\/novo\/index.php\/wp-json\/wp\/v2\/types\/post"}],"author":[{"embeddable":true,"href":"https:\/\/ifai.org.br\/novo\/index.php\/wp-json\/wp\/v2\/users\/1"}],"replies":[{"embeddable":true,"href":"https:\/\/ifai.org.br\/novo\/index.php\/wp-json\/wp\/v2\/comments?post=683"}],"version-history":[{"count":1,"href":"https:\/\/ifai.org.br\/novo\/index.php\/wp-json\/wp\/v2\/posts\/683\/revisions"}],"predecessor-version":[{"id":686,"href":"https:\/\/ifai.org.br\/novo\/index.php\/wp-json\/wp\/v2\/posts\/683\/revisions\/686"}],"wp:featuredmedia":[{"embeddable":true,"href":"https:\/\/ifai.org.br\/novo\/index.php\/wp-json\/wp\/v2\/media\/684"}],"wp:attachment":[{"href":"https:\/\/ifai.org.br\/novo\/index.php\/wp-json\/wp\/v2\/media?parent=683"}],"wp:term":[{"taxonomy":"category","embeddable":true,"href":"https:\/\/ifai.org.br\/novo\/index.php\/wp-json\/wp\/v2\/categories?post=683"},{"taxonomy":"post_tag","embeddable":true,"href":"https:\/\/ifai.org.br\/novo\/index.php\/wp-json\/wp\/v2\/tags?post=683"}],"curies":[{"name":"wp","href":"https:\/\/api.w.org\/{rel}","templated":true}]}}