{"id":677,"date":"2026-02-09T15:10:00","date_gmt":"2026-02-09T18:10:00","guid":{"rendered":"https:\/\/ifai.org.br\/novo\/?p=677"},"modified":"2026-03-26T09:00:50","modified_gmt":"2026-03-26T12:00:50","slug":"edital-de-convocacao-para-assembleia-extraordinaria","status":"publish","type":"post","link":"https:\/\/ifai.org.br\/novo\/index.php\/2026\/02\/09\/edital-de-convocacao-para-assembleia-extraordinaria\/","title":{"rendered":"Edital de Convoca\u00e7\u00e3o para Assembleia Extraordin\u00e1ria"},"content":{"rendered":"\n<p><strong>CONVOCA\u00c7\u00c3O PARA ASSEMBLEIA GERAL EXTRAORDIN\u00c1RIA&nbsp;<\/strong>&#8211; <strong>INSTITUTO FAI \u2013 SEGUNDA ALTERA\u00c7\u00c3O ESTATUT\u00c1RIA<\/strong><\/p>\n\n\n\n<p>O Diretor Superintendente do\u00a0 IFAI, Sadi Jos\u00e9 Reckziegel, no uso das suas atribui\u00e7\u00f5es, convoca os membros da Diretoria, Conselho Fiscal e demais associados para reunirem-se em Assembleia Geral Extraordin\u00e1ria, em primeira convoca\u00e7\u00e3o \u00e0s 13h30 horas do dia 27 de fevereiro de 2026, em segunda e \u00faltima convoca\u00e7\u00e3o com qualquer n\u00famero de associados \u00e0s 14h, tendo como local a sala de reuni\u00f5es das coordena\u00e7\u00f5es, do bloco A, na Rua Carlos Kummer, n\u00famero 100, Bairro Universit\u00e1rio, munic\u00edpio de Itapiranga Santa Catarina, e via online pelo aplicativo Google Meet para deliberar sobre a seguinte ordem do dia:<br><strong>1\u00ba &#8211; Leitura do edital de convoca\u00e7\u00e3o;<br>2\u00ba &#8211; Leitura, an\u00e1lise e aprova\u00e7\u00e3o da 2\u00aa Altera\u00e7\u00e3o Estatut\u00e1ria do Instituto.<\/strong><\/p>\n\n\n\n<p>Itapiranga\/SC, 9 de fevereiro de 2026<\/p>\n\n\n\n<p>Sadi Jose Reckziegel<\/p>\n\n\n\n<p><strong>Diretor Superintendente<\/strong><\/p>\n\n\n\n<p><\/p>\n","protected":false},"excerpt":{"rendered":"<p>CONVOCA\u00c7\u00c3O PARA ASSEMBLEIA GERAL EXTRAORDIN\u00c1RIA&nbsp;&#8211; INSTITUTO FAI \u2013 SEGUNDA ALTERA\u00c7\u00c3O ESTATUT\u00c1RIA O Diretor Superintendente do\u00a0 IFAI, Sadi Jos\u00e9 Reckziegel, no uso das suas atribui\u00e7\u00f5es, convoca os membros da Diretoria, Conselho Fiscal e demais associados para reunirem-se em Assembleia Geral Extraordin\u00e1ria, em primeira convoca\u00e7\u00e3o \u00e0s 13h30 horas do dia 27 de fevereiro de 2026, em segunda [&hellip;]<\/p>\n","protected":false},"author":1,"featured_media":0,"comment_status":"closed","ping_status":"closed","sticky":false,"template":"","format":"standard","meta":{"footnotes":""},"categories":[5],"tags":[],"class_list":["post-677","post","type-post","status-publish","format-standard","hentry","category-ultimas"],"_links":{"self":[{"href":"https:\/\/ifai.org.br\/novo\/index.php\/wp-json\/wp\/v2\/posts\/677","targetHints":{"allow":["GET"]}}],"collection":[{"href":"https:\/\/ifai.org.br\/novo\/index.php\/wp-json\/wp\/v2\/posts"}],"about":[{"href":"https:\/\/ifai.org.br\/novo\/index.php\/wp-json\/wp\/v2\/types\/post"}],"author":[{"embeddable":true,"href":"https:\/\/ifai.org.br\/novo\/index.php\/wp-json\/wp\/v2\/users\/1"}],"replies":[{"embeddable":true,"href":"https:\/\/ifai.org.br\/novo\/index.php\/wp-json\/wp\/v2\/comments?post=677"}],"version-history":[{"count":2,"href":"https:\/\/ifai.org.br\/novo\/index.php\/wp-json\/wp\/v2\/posts\/677\/revisions"}],"predecessor-version":[{"id":681,"href":"https:\/\/ifai.org.br\/novo\/index.php\/wp-json\/wp\/v2\/posts\/677\/revisions\/681"}],"wp:attachment":[{"href":"https:\/\/ifai.org.br\/novo\/index.php\/wp-json\/wp\/v2\/media?parent=677"}],"wp:term":[{"taxonomy":"category","embeddable":true,"href":"https:\/\/ifai.org.br\/novo\/index.php\/wp-json\/wp\/v2\/categories?post=677"},{"taxonomy":"post_tag","embeddable":true,"href":"https:\/\/ifai.org.br\/novo\/index.php\/wp-json\/wp\/v2\/tags?post=677"}],"curies":[{"name":"wp","href":"https:\/\/api.w.org\/{rel}","templated":true}]}}